{"id":422,"date":"2024-10-28T19:02:14","date_gmt":"2024-10-28T18:02:14","guid":{"rendered":"http:\/\/www.jourdefetemareuil.com\/?p=422"},"modified":"2024-10-28T19:22:58","modified_gmt":"2024-10-28T18:22:58","slug":"chantappart-aux-caves-mourat","status":"publish","type":"post","link":"https:\/\/jourdefetemareuil.com\/?p=422","title":{"rendered":"Samedi 29 mars 2025:     CHANT&rsquo;APPART  \u00a0\u00bb Blaubird\u00a0\u00bb et \u00ab\u00a0Petite gueule \u00a0\u00bb   AUX CAVES MOURAT \u00e0 20h30"},"content":{"rendered":"\n<p>Prix (buffet convivial compris): 20\u20ac , 16\u20ac( adh\u00e9rents jour de f\u00eate et moins de 18 ans), 5\u20ac (RSA, AAH et ASS)<\/p>\n\n\n\n<p>R\u00e9servations ( obligatoires, places limit\u00e9es) au 02 51 97 24 61<\/p>\n\n\n\n<p><strong>Blaubird<\/strong> <em>\u00ab Rarement l\u2019\u00e2me d\u2019une artiste transpara\u00eet aussi nettement dans sa voix.\u00a0\u00bb<\/em> \u2013 T\u00e9l\u00e9rama<\/p>\n\n\n\n<p>\u00ab What\u2019s in a Bird ? \u00bb se demandait Bashung\u2026 Dans BlauBird, il y a cette voix grave venue du lyrique, des textes d\u00e9licats et des m\u00e9lodies nocturnes douces et fortes \u00e0 la fois. Apr\u00e8s avoir chant\u00e9 Mahler, Dowland et Schubert de nombreuses ann\u00e9es, BlauBird nous offre son abandon \u00e0 elle-m\u00eame, son \u00e9tranget\u00e9 et ses \u00e9motions \u00e0 fleur de peau. Elle affirme ainsi une identit\u00e9 singuli\u00e8re dans le monde de la chanson actuelle, \u00e0 la fois po\u00e9tique, m\u00e9lodieuse et nourrie d\u2019influences du monde entier. Sur son deuxi\u00e8me album, \u00ab Le Ciel est Partout \u00bb, elle a travaill\u00e9 \u00e0 Montr\u00e9al avec Fran\u00e7ois Lalonde, percussionniste, r\u00e9alisateur et arrangeur, que l\u2019on avait vu aux c\u00f4t\u00e9s de la chanteuse Lhasa de Sela. Ainsi, avec une voix envo\u00fbtante o\u00f9 l\u2019on entend parfois Barbara ou Joan Baez, BlauBird nous m\u00e8ne toujours plus loin dans son univers \u2026 vers des contr\u00e9es vaporeuses et apais\u00e9es, au confluent des musiques traditionnelles, du folk, du classique et de la pop. En fran\u00e7ais, mais aussi parfois en anglais, yiddish, arabe ou espagnol, nous nous envolons sur les ailes de l\u2019Oiseau Bleu retrouver ses racines en Europe de l\u2019Est et se perdre dans les jardins suspendus d\u2019Orient \u2026<\/p>\n\n\n\n<figure class=\"wp-block-embed is-type-video is-provider-youtube wp-block-embed-youtube wp-embed-aspect-16-9 wp-has-aspect-ratio\"><div class=\"wp-block-embed__wrapper\">\n<iframe loading=\"lazy\" title=\"BlauBird \u2605 TES MOTS DITS \u2605 [Clip Officiel]\" width=\"500\" height=\"281\" src=\"https:\/\/www.youtube.com\/embed\/YzlnDRkniyU?feature=oembed\" frameborder=\"0\" allow=\"accelerometer; autoplay; clipboard-write; encrypted-media; gyroscope; picture-in-picture; web-share\" referrerpolicy=\"strict-origin-when-cross-origin\" allowfullscreen><\/iframe>\n<\/div><\/figure>\n\n\n\n<p><strong>\u201cPetite gueule\u00a0\u00bb<\/strong><\/p>\n\n\n\n<p>Coup de c\u0153ur de l&rsquo;Acad\u00e9mie Charles Cros 2023<\/p>\n\n\n\n<p>Enfant v\u00e9n\u00e8re du confinement Fr\u00e9missant depuis longtemps A d\u00e9cid\u00e9 d&rsquo;ouvrir sa .. Petite Gueule !<\/p>\n\n\n\n<figure class=\"wp-block-embed is-type-video is-provider-youtube wp-block-embed-youtube wp-embed-aspect-16-9 wp-has-aspect-ratio\"><div class=\"wp-block-embed__wrapper\">\n<iframe loading=\"lazy\" title=\"7 - Petite Gueule (Clip Officiel)\" width=\"500\" height=\"281\" src=\"https:\/\/www.youtube.com\/embed\/7rnWdHP1oVE?feature=oembed\" frameborder=\"0\" allow=\"accelerometer; autoplay; clipboard-write; encrypted-media; gyroscope; picture-in-picture; web-share\" referrerpolicy=\"strict-origin-when-cross-origin\" allowfullscreen><\/iframe>\n<\/div><\/figure>\n\n\n\n<p><\/p>\n\n\n\n<p><a href=\"https:\/\/www.facebook.com\/PetiteGueuleGronde\">https:\/\/www.facebook.com\/PetiteGueuleGronde<\/a><\/p>\n\n\n\n<p><\/p>\n","protected":false},"excerpt":{"rendered":"<a href=\"https:\/\/jourdefetemareuil.com\/?p=422\"><img loading=\"lazy\" decoding=\"async\" width=\"150\" height=\"150\" src=\"https:\/\/jourdefetemareuil.com\/wp-content\/plugins\/thumbnail-for-excerpts\/tfe_no_thumb.png\" class=\"alignleft wp-post-image tfe\" alt=\"\" title=\"\" \/><\/a><p>Prix (buffet convivial compris): 20\u20ac , 16\u20ac( adh\u00e9rents jour de f\u00eate et moins de 18 ans), 5\u20ac (RSA, AAH et ASS) R\u00e9servations ( obligatoires, places limit\u00e9es) au 02 51 97 24 61 Blaubird \u00ab Rarement l\u2019\u00e2me d\u2019une artiste transpara\u00eet aussi nettement dans sa voix.\u00a0\u00bb \u2013 T\u00e9l\u00e9rama \u00ab What\u2019s in a Bird ? \u00bb se demandait [&hellip;]<\/p>\n","protected":false},"author":261,"featured_media":0,"comment_status":"closed","ping_status":"closed","sticky":false,"template":"","format":"standard","meta":{"footnotes":""},"categories":[126,130],"tags":[],"class_list":["post-422","post","type-post","status-publish","format-standard","hentry","category-chanson-francaise-2","category-electro-swing"],"_links":{"self":[{"href":"https:\/\/jourdefetemareuil.com\/index.php?rest_route=\/wp\/v2\/posts\/422","targetHints":{"allow":["GET"]}}],"collection":[{"href":"https:\/\/jourdefetemareuil.com\/index.php?rest_route=\/wp\/v2\/posts"}],"about":[{"href":"https:\/\/jourdefetemareuil.com\/index.php?rest_route=\/wp\/v2\/types\/post"}],"author":[{"embeddable":true,"href":"https:\/\/jourdefetemareuil.com\/index.php?rest_route=\/wp\/v2\/users\/261"}],"replies":[{"embeddable":true,"href":"https:\/\/jourdefetemareuil.com\/index.php?rest_route=%2Fwp%2Fv2%2Fcomments&post=422"}],"version-history":[{"count":18,"href":"https:\/\/jourdefetemareuil.com\/index.php?rest_route=\/wp\/v2\/posts\/422\/revisions"}],"predecessor-version":[{"id":889,"href":"https:\/\/jourdefetemareuil.com\/index.php?rest_route=\/wp\/v2\/posts\/422\/revisions\/889"}],"wp:attachment":[{"href":"https:\/\/jourdefetemareuil.com\/index.php?rest_route=%2Fwp%2Fv2%2Fmedia&parent=422"}],"wp:term":[{"taxonomy":"category","embeddable":true,"href":"https:\/\/jourdefetemareuil.com\/index.php?rest_route=%2Fwp%2Fv2%2Fcategories&post=422"},{"taxonomy":"post_tag","embeddable":true,"href":"https:\/\/jourdefetemareuil.com\/index.php?rest_route=%2Fwp%2Fv2%2Ftags&post=422"}],"curies":[{"name":"wp","href":"https:\/\/api.w.org\/{rel}","templated":true}]}}