{"id":695,"date":"2024-10-28T19:08:08","date_gmt":"2024-10-28T18:08:08","guid":{"rendered":"http:\/\/www.jourdefetemareuil.com\/?p=695"},"modified":"2024-10-28T19:23:29","modified_gmt":"2024-10-28T18:23:29","slug":"samedi-19-mars-20h30-chant-appart-salle-othello-claudine-lebegue-kuzy-larsen","status":"publish","type":"post","link":"https:\/\/jourdefetemareuil.com\/?p=695","title":{"rendered":"Jeudi 20 et Vendredi 21 Mars 2025  \u00a0\u00bb Kr\u00e9atures\u00a0\u00bb  spectacles scolaires maternels"},"content":{"rendered":"\n<p><strong>compagnie du Chat Fou<\/strong><\/p>\n\n\n\n<p>Trait\u00e9 \u00e0 la mani\u00e8re d&rsquo;un film muet, Kr\u00e9atures nous conte la passion d&rsquo;Aristide de Panchignac pour les animaux.<\/p>\n\n\n\n<p>Dans un monde fictif o\u00f9 la faune et la flore ont disparu de la plan\u00e8te terre, Aristide se raccroche \u00e0 ses souvenirs d&rsquo;enfant \u00e0 l&rsquo;\u00e9poque o\u00f9 les mondes, terrestre, aquatique et a\u00e9rien, grouillaient de vie, de mouvements et de cris.<\/p>\n\n\n\n<p>Composant avec les bribes de sa m\u00e9moire et un bric \u00e0 brac d&rsquo;objets et de mat\u00e9riaux r\u00e9cup\u00e9r\u00e9s, il reconstitue un bestiaire, un cabinet de curiosit\u00e9s qu&rsquo;il pr\u00e9sente au public sous la forme de petites attractions s&rsquo;appuyant sur des techniques de cirque et de marionnettes.<\/p>\n\n\n\n<p>Se rapprochant d&rsquo;une attraction foraine, ce spectacle oscille entre r\u00e9alisme, fantastique et imaginaire, avec un clin d&rsquo;\u0153il sur un environnement en mutation qui apportera peut-\u00eatre son lot d&rsquo;esp\u00e8ces mutantes. Le public y d\u00e9couvrira le tigre des mers, le Nigloo \u00e0 poils soyeux ou encore le Gri-Gri du Nioko Loba,\u2026<\/p>\n\n\n\n<p>Cette fable \u00e9cologique et po\u00e9tique interroge sur notre rapport au vivant, notre devenir mais \u00e9galement sur notre capacit\u00e9 \u00e0 cr\u00e9er, jouer et imaginer.<\/p>\n\n\n\n<p><strong>De et par Philippe Chaigneau<\/strong><\/p>\n\n\n\n<figure class=\"wp-block-embed is-type-video is-provider-youtube wp-block-embed-youtube wp-embed-aspect-16-9 wp-has-aspect-ratio\"><div class=\"wp-block-embed__wrapper\">\n<iframe loading=\"lazy\" title=\"Teaser Kr\u00e9atures (Version Rue) - Compagnie Le Chat Fou\" width=\"500\" height=\"281\" src=\"https:\/\/www.youtube.com\/embed\/aWXnUkHr3l0?feature=oembed\" frameborder=\"0\" allow=\"accelerometer; autoplay; clipboard-write; encrypted-media; gyroscope; picture-in-picture; web-share\" referrerpolicy=\"strict-origin-when-cross-origin\" allowfullscreen><\/iframe>\n<\/div><\/figure>\n\n\n\n<p><\/p>\n","protected":false},"excerpt":{"rendered":"<a href=\"https:\/\/jourdefetemareuil.com\/?p=695\"><img loading=\"lazy\" decoding=\"async\" width=\"150\" height=\"150\" src=\"https:\/\/jourdefetemareuil.com\/wp-content\/plugins\/thumbnail-for-excerpts\/tfe_no_thumb.png\" class=\"alignleft wp-post-image tfe\" alt=\"\" title=\"\" \/><\/a><p>compagnie du Chat Fou Trait\u00e9 \u00e0 la mani\u00e8re d&rsquo;un film muet, Kr\u00e9atures nous conte la passion d&rsquo;Aristide de Panchignac pour les animaux. Dans un monde fictif o\u00f9 la faune et la flore ont disparu de la plan\u00e8te terre, Aristide se raccroche \u00e0 ses souvenirs d&rsquo;enfant \u00e0 l&rsquo;\u00e9poque o\u00f9 les mondes, terrestre, aquatique et a\u00e9rien, grouillaient [&hellip;]<\/p>\n","protected":false},"author":261,"featured_media":0,"comment_status":"closed","ping_status":"closed","sticky":false,"template":"","format":"standard","meta":{"footnotes":""},"categories":[130,127],"tags":[],"class_list":["post-695","post","type-post","status-publish","format-standard","hentry","category-electro-swing","category-spectacle-scolaire"],"_links":{"self":[{"href":"https:\/\/jourdefetemareuil.com\/index.php?rest_route=\/wp\/v2\/posts\/695","targetHints":{"allow":["GET"]}}],"collection":[{"href":"https:\/\/jourdefetemareuil.com\/index.php?rest_route=\/wp\/v2\/posts"}],"about":[{"href":"https:\/\/jourdefetemareuil.com\/index.php?rest_route=\/wp\/v2\/types\/post"}],"author":[{"embeddable":true,"href":"https:\/\/jourdefetemareuil.com\/index.php?rest_route=\/wp\/v2\/users\/261"}],"replies":[{"embeddable":true,"href":"https:\/\/jourdefetemareuil.com\/index.php?rest_route=%2Fwp%2Fv2%2Fcomments&post=695"}],"version-history":[{"count":22,"href":"https:\/\/jourdefetemareuil.com\/index.php?rest_route=\/wp\/v2\/posts\/695\/revisions"}],"predecessor-version":[{"id":898,"href":"https:\/\/jourdefetemareuil.com\/index.php?rest_route=\/wp\/v2\/posts\/695\/revisions\/898"}],"wp:attachment":[{"href":"https:\/\/jourdefetemareuil.com\/index.php?rest_route=%2Fwp%2Fv2%2Fmedia&parent=695"}],"wp:term":[{"taxonomy":"category","embeddable":true,"href":"https:\/\/jourdefetemareuil.com\/index.php?rest_route=%2Fwp%2Fv2%2Fcategories&post=695"},{"taxonomy":"post_tag","embeddable":true,"href":"https:\/\/jourdefetemareuil.com\/index.php?rest_route=%2Fwp%2Fv2%2Ftags&post=695"}],"curies":[{"name":"wp","href":"https:\/\/api.w.org\/{rel}","templated":true}]}}