{"id":786,"date":"2024-10-28T19:00:38","date_gmt":"2024-10-28T18:00:38","guid":{"rendered":"http:\/\/www.jourdefetemareuil.com\/?p=786"},"modified":"2024-10-28T19:22:42","modified_gmt":"2024-10-28T18:22:42","slug":"vendredi-5-mai-2023-salle-othello-20h30-klakba","status":"publish","type":"post","link":"https:\/\/jourdefetemareuil.com\/?p=786","title":{"rendered":"Vendredi 16 Mai 2025 salle Othello 20h30  Vaslo"},"content":{"rendered":"\n<p><strong>Quelques pincements de corde, un silence, un souffle\u2026 et une voix.<br>Vaslo,<\/strong> c&rsquo;est la fusion entre slam et chanson, entre rock et baroque.<br>Port\u00e9 par la clarinette, le violoncelle et les percussions, c&rsquo;est tant\u00f4t un cri, tant\u00f4t un murmure,<br>un passage de la m\u00e9lancolie au festif, une vague qui cogne,<br>un appel \u00e0 l&rsquo;amour sous toutes ses formes.<br>Avec passion et rythme, les choses graves de la vie se muent en volupt\u00e9, en simple beaut\u00e9.<\/p>\n\n\n\n<p>Prix des places: 14\u20ac, 10\u20ac adh\u00e9rent J de F et moins 18 ans, 5\u20ac RSA, gratuit Moins 12 ans, r\u00e9servations au 02 51 97 24 61<\/p>\n\n\n\n<figure class=\"wp-block-embed is-type-video is-provider-youtube wp-block-embed-youtube wp-embed-aspect-16-9 wp-has-aspect-ratio\"><div class=\"wp-block-embed__wrapper\">\n<iframe loading=\"lazy\" title=\"VASLO - Amours (clip officiel)\" width=\"500\" height=\"281\" src=\"https:\/\/www.youtube.com\/embed\/fAJFg5Q726I?feature=oembed\" frameborder=\"0\" allow=\"accelerometer; autoplay; clipboard-write; encrypted-media; gyroscope; picture-in-picture; web-share\" referrerpolicy=\"strict-origin-when-cross-origin\" allowfullscreen><\/iframe>\n<\/div><figcaption class=\"wp-element-caption\"><a href=\"https:\/\/vaslo-officiel.com\/\">https:\/\/vaslo-officiel.com\/<\/a><\/figcaption><\/figure>\n","protected":false},"excerpt":{"rendered":"<a href=\"https:\/\/jourdefetemareuil.com\/?p=786\"><img loading=\"lazy\" decoding=\"async\" width=\"150\" height=\"150\" src=\"https:\/\/jourdefetemareuil.com\/wp-content\/plugins\/thumbnail-for-excerpts\/tfe_no_thumb.png\" class=\"alignleft wp-post-image tfe\" alt=\"\" title=\"\" \/><\/a><p>Quelques pincements de corde, un silence, un souffle\u2026 et une voix.Vaslo, c&rsquo;est la fusion entre slam et chanson, entre rock et baroque.Port\u00e9 par la clarinette, le violoncelle et les percussions, c&rsquo;est tant\u00f4t un cri, tant\u00f4t un murmure,un passage de la m\u00e9lancolie au festif, une vague qui cogne,un appel \u00e0 l&rsquo;amour sous toutes ses formes.Avec passion [&hellip;]<\/p>\n","protected":false},"author":261,"featured_media":0,"comment_status":"closed","ping_status":"closed","sticky":false,"template":"","format":"standard","meta":{"footnotes":""},"categories":[126,130],"tags":[],"class_list":["post-786","post","type-post","status-publish","format-standard","hentry","category-chanson-francaise-2","category-electro-swing"],"_links":{"self":[{"href":"https:\/\/jourdefetemareuil.com\/index.php?rest_route=\/wp\/v2\/posts\/786","targetHints":{"allow":["GET"]}}],"collection":[{"href":"https:\/\/jourdefetemareuil.com\/index.php?rest_route=\/wp\/v2\/posts"}],"about":[{"href":"https:\/\/jourdefetemareuil.com\/index.php?rest_route=\/wp\/v2\/types\/post"}],"author":[{"embeddable":true,"href":"https:\/\/jourdefetemareuil.com\/index.php?rest_route=\/wp\/v2\/users\/261"}],"replies":[{"embeddable":true,"href":"https:\/\/jourdefetemareuil.com\/index.php?rest_route=%2Fwp%2Fv2%2Fcomments&post=786"}],"version-history":[{"count":11,"href":"https:\/\/jourdefetemareuil.com\/index.php?rest_route=\/wp\/v2\/posts\/786\/revisions"}],"predecessor-version":[{"id":913,"href":"https:\/\/jourdefetemareuil.com\/index.php?rest_route=\/wp\/v2\/posts\/786\/revisions\/913"}],"wp:attachment":[{"href":"https:\/\/jourdefetemareuil.com\/index.php?rest_route=%2Fwp%2Fv2%2Fmedia&parent=786"}],"wp:term":[{"taxonomy":"category","embeddable":true,"href":"https:\/\/jourdefetemareuil.com\/index.php?rest_route=%2Fwp%2Fv2%2Fcategories&post=786"},{"taxonomy":"post_tag","embeddable":true,"href":"https:\/\/jourdefetemareuil.com\/index.php?rest_route=%2Fwp%2Fv2%2Ftags&post=786"}],"curies":[{"name":"wp","href":"https:\/\/api.w.org\/{rel}","templated":true}]}}